{"id":987,"date":"2020-09-21T21:27:45","date_gmt":"2020-09-21T21:27:45","guid":{"rendered":"https:\/\/kathryngabinetkroo.com\/?p=987"},"modified":"2020-09-21T21:27:45","modified_gmt":"2020-09-21T21:27:45","slug":"commencer-par-le-debut","status":"publish","type":"post","link":"https:\/\/kathryngabinetkroo.com\/fr\/2020\/09\/21\/commencer-par-le-debut\/","title":{"rendered":"Commencer par le d\u00e9but"},"content":{"rendered":"<p>[et_pb_section fb_built=\u00a0\u00bb1&Prime; _builder_version=\u00a0\u00bb4.5.7&Prime; _module_preset=\u00a0\u00bbdefault\u00a0\u00bb custom_padding=\u00a0\u00bb3px||1px|||\u00a0\u00bb][et_pb_row _builder_version=\u00a0\u00bb4.5.7&Prime; _module_preset=\u00a0\u00bbdefault\u00a0\u00bb][et_pb_column _builder_version=\u00a0\u00bb4.5.7&Prime; _module_preset=\u00a0\u00bbdefault\u00a0\u00bb type=\u00a0\u00bb4_4&Prime;][et_pb_text _builder_version=\u00a0\u00bb4.5.7&Prime; _module_preset=\u00a0\u00bbdefault\u00a0\u00bb hover_enabled=\u00a0\u00bb0&Prime;]<\/p>\n<p>Je sais que je voulais \u00eatre une artiste depuis l\u2019\u00e2ge de six ans. Deux \u00e9v\u00e9nements m&rsquo;ont conduit \u00e0 cette premi\u00e8re d\u00e9cision bien avant de savoir tout ce que cela impliquait. Tout d&rsquo;abord, j&rsquo;ai re\u00e7u le petit ensemble de peintures \u00e0 l&rsquo;huile que mon grand-oncle \u00e0 la barbe rousse, Abe, avait utilis\u00e9 pour peindre les natures mortes miniatures accroch\u00e9es dans notre couloir. Peu de temps apr\u00e8s, ma m\u00e8re m&rsquo;a emmen\u00e9e voir une exposition de Claude Monet au Mus\u00e9e d&rsquo;art de Portand (Oregon). Je me souviens encore tr\u00e8s pr\u00e9cis\u00e9ment du moment o\u00f9 je suis entr\u00e9e dans une salle, pour \u00eatre imm\u00e9diatement entour\u00e9e des trois c\u00f4t\u00e9s par d\u2019\u00e9normes et magnifiques panneaux de n\u00e9nuphars. C\u2019est l\u00e0 que la couleur et la lumi\u00e8re ont scell\u00e9 mon amour de l\u2019art. Ont alors suivi les cours dans les ateliers pour enfants de ce mus\u00e9e et ensuite au Cleveland Art Institute, \u00e0 la suite du d\u00e9m\u00e9nagement de ma famille de l\u2019Oregon \u00e0 l\u2019Ohio.<\/p>\n<p>[\/et_pb_text][\/et_pb_column][\/et_pb_row][\/et_pb_section][et_pb_section fb_built=\u00a0\u00bb1&Prime; _builder_version=\u00a0\u00bb4.5.7&Prime; _module_preset=\u00a0\u00bbdefault\u00a0\u00bb custom_padding=\u00a0\u00bb0px||1px|||\u00a0\u00bb][et_pb_row _builder_version=\u00a0\u00bb4.5.7&Prime; _module_preset=\u00a0\u00bbdefault\u00a0\u00bb][et_pb_column _builder_version=\u00a0\u00bb4.5.7&Prime; _module_preset=\u00a0\u00bbdefault\u00a0\u00bb type=\u00a0\u00bb4_4&Prime;][et_pb_image src=\u00a0\u00bbhttps:\/\/kathryngabinetkroo.com\/wp-content\/uploads\/2020\/09\/Monet-panels.jpg\u00a0\u00bb _builder_version=\u00a0\u00bb4.5.7&Prime; _module_preset=\u00a0\u00bbdefault\u00a0\u00bb alt=\u00a0\u00bbmonet panels\u00a0\u00bb title_text=\u00a0\u00bbMonet-panels\u00a0\u00bb hover_enabled=\u00a0\u00bb0&Prime;][\/et_pb_image][\/et_pb_column][\/et_pb_row][\/et_pb_section][et_pb_section fb_built=\u00a0\u00bb1&Prime; _builder_version=\u00a0\u00bb4.5.7&Prime; _module_preset=\u00a0\u00bbdefault\u00a0\u00bb custom_padding=\u00a0\u00bb1px||1px|||\u00a0\u00bb][et_pb_row _builder_version=\u00a0\u00bb4.5.7&Prime; _module_preset=\u00a0\u00bbdefault\u00a0\u00bb][et_pb_column _builder_version=\u00a0\u00bb4.5.7&Prime; _module_preset=\u00a0\u00bbdefault\u00a0\u00bb type=\u00a0\u00bb4_4&Prime;][et_pb_text _builder_version=\u00a0\u00bb4.5.7&Prime; _module_preset=\u00a0\u00bbdefault\u00a0\u00bb hover_enabled=\u00a0\u00bb0&Prime;]<\/p>\n<p>J&rsquo;ai \u00e9tudi\u00e9 l&rsquo;art tout au long de mes \u00e9tudes au coll\u00e8ge et \u00e0 l&rsquo;universit\u00e9. J\u2019ai obtenu mon B.A. en anglais de l&rsquo;Universit\u00e9 Cornell pour ensuite \u00e9tudier le dessin et la photographie au Boston Museum School of Fine Art.<\/p>\n<p>Une fois les \u00e9tudes termin\u00e9es, je me suis mari\u00e9e et ai d\u00e9m\u00e9nag\u00e9 \u00e0 Montr\u00e9al (Canada). Deux ans plus tard, mes aquarelles r\u00e9alistes ont \u00e9t\u00e9 expos\u00e9es pour la premi\u00e8re fois au New Talent Show, \u00e0 la Boston Alpha Gallery. J\u2019ai alors choisi de m&rsquo;inscrire \u00e0 l&rsquo;\u00e9cole des beaux-arts du Centre Saidye Bronfman pour \u00e9ventuellement y enseigner le dessin et la peinture pendant dix ans, et ce jusqu&rsquo;\u00e0 la fermeture d\u00e9finitive du Centre d\u2019art.<\/p>\n<p>[\/et_pb_text][\/et_pb_column][\/et_pb_row][\/et_pb_section][et_pb_section fb_built=\u00a0\u00bb1&Prime; _builder_version=\u00a0\u00bb4.5.7&Prime; _module_preset=\u00a0\u00bbdefault\u00a0\u00bb custom_padding=\u00a0\u00bb2px||0px|||\u00a0\u00bb][et_pb_row _builder_version=\u00a0\u00bb4.5.7&Prime; _module_preset=\u00a0\u00bbdefault\u00a0\u00bb][et_pb_column _builder_version=\u00a0\u00bb4.5.7&Prime; _module_preset=\u00a0\u00bbdefault\u00a0\u00bb type=\u00a0\u00bb4_4&Prime;][et_pb_image src=\u00a0\u00bbhttps:\/\/kathryngabinetkroo.com\/wp-content\/uploads\/2020\/09\/Bird-of-Paradise-2.jpg\u00a0\u00bb _builder_version=\u00a0\u00bb4.5.7&Prime; _module_preset=\u00a0\u00bbdefault\u00a0\u00bb alt=\u00a0\u00bbbird of paradise\u00a0\u00bb title_text=\u00a0\u00bbBird-of-Paradise\u00a0\u00bb hover_enabled=\u00a0\u00bb0&Prime;][\/et_pb_image][\/et_pb_column][\/et_pb_row][\/et_pb_section][et_pb_section fb_built=\u00a0\u00bb1&Prime; _builder_version=\u00a0\u00bb4.5.7&Prime; _module_preset=\u00a0\u00bbdefault\u00a0\u00bb custom_padding=\u00a0\u00bb0px||2px|||\u00a0\u00bb][et_pb_row _builder_version=\u00a0\u00bb4.5.7&Prime; _module_preset=\u00a0\u00bbdefault\u00a0\u00bb][et_pb_column _builder_version=\u00a0\u00bb4.5.7&Prime; _module_preset=\u00a0\u00bbdefault\u00a0\u00bb type=\u00a0\u00bb4_4&Prime;][et_pb_text _builder_version=\u00a0\u00bb4.5.7&Prime; _module_preset=\u00a0\u00bbdefault\u00a0\u00bb hover_enabled=\u00a0\u00bb0&Prime;]<\/p>\n<p>Et \u00ab le reste fait maintenant partie de l&rsquo;histoire \u00bb \u2026 une histoire de quatre d\u00e9cennies de peinture et d&rsquo;expositions de mes travaux dans diverses galeries aux \u00c9tats-Unis et au Canada. Une histoire au cours de laquelle la peinture n&rsquo;a jamais vieilli et dans laquelle je continue de trouver l&rsquo;inspiration.<\/p>\n<p>[\/et_pb_text][\/et_pb_column][\/et_pb_row][\/et_pb_section]<\/p>\n","protected":false},"excerpt":{"rendered":"<p>[et_pb_section fb_built=\u00a0\u00bb1&Prime; _builder_version=\u00a0\u00bb4.5.7&Prime; _module_preset=\u00a0\u00bbdefault\u00a0\u00bb custom_padding=\u00a0\u00bb3px||1px|||\u00a0\u00bb][et_pb_row _builder_version=\u00a0\u00bb4.5.7&Prime; _module_preset=\u00a0\u00bbdefault\u00a0\u00bb][et_pb_column _builder_version=\u00a0\u00bb4.5.7&Prime; _module_preset=\u00a0\u00bbdefault\u00a0\u00bb type=\u00a0\u00bb4_4&Prime;][et_pb_text _builder_version=\u00a0\u00bb4.5.7&Prime; _module_preset=\u00a0\u00bbdefault\u00a0\u00bb hover_enabled=\u00a0\u00bb0&Prime;] Je sais que je voulais \u00eatre une [&hellip;]<\/p>\n","protected":false},"author":2,"featured_media":977,"comment_status":"open","ping_status":"open","sticky":false,"template":"","format":"standard","meta":{"footnotes":""},"categories":[2],"tags":[],"class_list":["post-987","post","type-post","status-publish","format-standard","has-post-thumbnail","hentry","category-non-classifiee"],"_links":{"self":[{"href":"https:\/\/kathryngabinetkroo.com\/fr\/wp-json\/wp\/v2\/posts\/987","targetHints":{"allow":["GET"]}}],"collection":[{"href":"https:\/\/kathryngabinetkroo.com\/fr\/wp-json\/wp\/v2\/posts"}],"about":[{"href":"https:\/\/kathryngabinetkroo.com\/fr\/wp-json\/wp\/v2\/types\/post"}],"author":[{"embeddable":true,"href":"https:\/\/kathryngabinetkroo.com\/fr\/wp-json\/wp\/v2\/users\/2"}],"replies":[{"embeddable":true,"href":"https:\/\/kathryngabinetkroo.com\/fr\/wp-json\/wp\/v2\/comments?post=987"}],"version-history":[{"count":0,"href":"https:\/\/kathryngabinetkroo.com\/fr\/wp-json\/wp\/v2\/posts\/987\/revisions"}],"wp:featuredmedia":[{"embeddable":true,"href":"https:\/\/kathryngabinetkroo.com\/fr\/wp-json\/wp\/v2\/media\/977"}],"wp:attachment":[{"href":"https:\/\/kathryngabinetkroo.com\/fr\/wp-json\/wp\/v2\/media?parent=987"}],"wp:term":[{"taxonomy":"category","embeddable":true,"href":"https:\/\/kathryngabinetkroo.com\/fr\/wp-json\/wp\/v2\/categories?post=987"},{"taxonomy":"post_tag","embeddable":true,"href":"https:\/\/kathryngabinetkroo.com\/fr\/wp-json\/wp\/v2\/tags?post=987"}],"curies":[{"name":"wp","href":"https:\/\/api.w.org\/{rel}","templated":true}]}}